{"id":86,"date":"2020-08-26T17:15:34","date_gmt":"2020-09-15T20:15:34","guid":{"rendered":"http:\/\/localhost\/wordpress\/?post_type=noticia&#038;p=86"},"modified":"2020-09-17T18:26:59","modified_gmt":"2020-09-17T21:26:59","slug":"celula-de-tecnologias-assistivas-do-inove","status":"publish","type":"noticia","link":"https:\/\/inove.quixada.ufc.br\/?noticia=celula-de-tecnologias-assistivas-do-inove","title":{"rendered":"C\u00e9lula de Tecnologias Assistivas do Inove"},"content":{"rendered":"\n<p>Atualmente, o termo acessibilidade \u00e9 ligado \u00e0 quebra de barreiras, principalmente envolvendo tem\u00e1ticas sobre inclus\u00e3o social para pessoas com alguma defici\u00eancia, todavia, a falta de acessibilidade \u00e9 um desafio para todas os tipos de defici\u00eancias, pois falta acessibilidade por toda parte (SANTOS;VASCONCELOS, 2018)<\/p>\n\n\n\n<p>Como resultado do desenvolvimento tecnol\u00f3gico, decorrente dos estudos aprofundados sobre acessibilidade, foram desenvolvidas ferramentas cujos objetivos s\u00e3o a amplia\u00e7\u00e3o de habilidades ou promo\u00e7\u00e3o de funcionalidades desejadas, atualmente conhecidas como Tecnologias Assistivas (BERSCH;TONOLLI, 2006)<\/p>\n\n\n\n<p>As tecnologias assistivas fazem parte do arsenal tecnol\u00f3gico que est\u00e1 a disposi\u00e7\u00e3o para amenizar as dificuldades que permeiam as pessoas com algum tipo de limita\u00e7\u00e3o. Em Quixad\u00e1, o desenvolvimento de tecnologias assistivas t\u00eam ganhado suporte para a contribui\u00e7\u00e3o nessa linha de pesquisa. Foram desenvolvidas, at\u00e9 o momento, tr\u00eas tecnologias com foco em acessibilidade para pessoas com defici\u00eancia visual, s\u00e3o elas: <\/p>\n\n\n\n<p>Smart Glasses: Um sistema de detec\u00e7\u00e3o para a identifica\u00e7\u00e3o de obst\u00e1culos localizados acima do n\u00edvel da cintura do usu\u00e1rio. Quando um obst\u00e1culo \u00e9 identificado o dispositivo emite um sinal via bluetooth e um aviso sonoro e\/ou vibrat\u00f3rio \u00e9 emitido no celular do usu\u00e1rio. Este projeto foi vencedor do Sal\u00e3o do Inventor Cearense no ano de 2018, al\u00e9m disso faz parte de um livro de pesquisa e conhecimento sobre tecnologias assistivas. Dados: https:\/\/www.canal6livraria.com.br\/pd-5ed352-tecnologia-assistiva-pesquisa-e-conhecimento-ii.html?ct=188e76&amp;p=1&amp;s=1 <\/p>\n\n\n\n<p>SmartCane: Uma vers\u00e3o de bengala inteligente para deficientes visuais, para identifica\u00e7\u00e3o de obst\u00e1culos abaixo do n\u00edvel da cintura, \u00e9 um projeto complementar ao Smart Glasses, por\u00e9m seu aviso de detec\u00e7\u00e3o ocorre de duas maneiras: caso o obst\u00e1culo seja detectado \u00e0 direita ou \u00e0 esquerda, a bengala vibra de acordo com o lado e, caso seja na frente, a bengala bipa cada vez mais forte quando est\u00e1 mais pr\u00f3xima do obst\u00e1culo. Este trabalho foi publicado no 2nd IWAT2019: International Workshop on Assistive Technology. Dados : http:\/\/www.sba.org.br\/novo\/eventos\/view?id=31<\/p>\n\n\n\n<p>VREye: Trata-se de uma aplica\u00e7\u00e3o com Realidade Aumentada, que auxilia pessoas com defici\u00eancia visual que tenham baixa vis\u00e3o, miopia ou outros tipos de dificuldades em sala de aula. Atualmente segue em desenvolvimento no Campus da Universidade Federal do Cear\u00e1 em Quixad\u00e1, encontrando-se em est\u00e1gio de prototipagem. A tecnologia apresentada \u00e9 capaz de ampliar e movimentar a imagem da c\u00e2mera com comandos de voz para que os usu\u00e1rios possam realizar atividades educacionais como ler, visualizar gr\u00e1ficos, textos e atividades escolares. Este projeto participou da competi\u00e7\u00e3o Apps.Edu no CBIE- Congresso Brasileiro de Inform\u00e1tica na Educa\u00e7\u00e3o em 2019 <\/p>\n\n\n\n<p>Dados: http:\/\/blogs.diariodonordeste.com.br\/narede\/ciencia\/estudantes-do-campus-da-ufc-em-quixada-desenvolvem-aplicativo-de-realidade-aumentada\/11965 <\/p>\n\n\n\n<p>Essas s\u00e3o as tr\u00eas tecnologias desenvolvidas, no entanto, n\u00e3o s\u00e3o as \u00fanicas. Ainda est\u00e3o em fase pesquisas, a Impressora em Braile a baixo custo e projetos voltados para pessoas com parkinson, autismo, dentre outras defici\u00eancias. <\/p>\n\n\n\n<p>A c\u00e9lula conta com bolsistas de extens\u00e3o, de inicia\u00e7\u00e3o acad\u00eamica e volunt\u00e1rios. Para participar, basta ter interesse no desenvolvimento dessas tecnologias, somos um time que trabalha com conceitos de programa\u00e7\u00e3o, Intera\u00e7\u00e3o Humano-Computador e Engenharia de Software.<\/p>\n","protected":false},"featured_media":87,"template":"","meta":[],"categories":[],"tags":[],"_links":{"self":[{"href":"https:\/\/inove.quixada.ufc.br\/index.php?rest_route=\/wp\/v2\/noticia\/86"}],"collection":[{"href":"https:\/\/inove.quixada.ufc.br\/index.php?rest_route=\/wp\/v2\/noticia"}],"about":[{"href":"https:\/\/inove.quixada.ufc.br\/index.php?rest_route=\/wp\/v2\/types\/noticia"}],"wp:featuredmedia":[{"embeddable":true,"href":"https:\/\/inove.quixada.ufc.br\/index.php?rest_route=\/wp\/v2\/media\/87"}],"wp:attachment":[{"href":"https:\/\/inove.quixada.ufc.br\/index.php?rest_route=%2Fwp%2Fv2%2Fmedia&parent=86"}],"wp:term":[{"taxonomy":"category","embeddable":true,"href":"https:\/\/inove.quixada.ufc.br\/index.php?rest_route=%2Fwp%2Fv2%2Fcategories&post=86"},{"taxonomy":"post_tag","embeddable":true,"href":"https:\/\/inove.quixada.ufc.br\/index.php?rest_route=%2Fwp%2Fv2%2Ftags&post=86"}],"curies":[{"name":"wp","href":"https:\/\/api.w.org\/{rel}","templated":true}]}}