{"id":160,"date":"2020-03-14T14:50:54","date_gmt":"2020-09-24T17:50:54","guid":{"rendered":"http:\/\/localhost\/wordpress\/?post_type=noticia&#038;p=160"},"modified":"2020-09-24T14:50:54","modified_gmt":"2020-09-24T17:50:54","slug":"novas-oportunidades-de-parceria-reuniao-com-a-fortes-tecnologia","status":"publish","type":"noticia","link":"https:\/\/inove.quixada.ufc.br\/?noticia=novas-oportunidades-de-parceria-reuniao-com-a-fortes-tecnologia","title":{"rendered":"Novas oportunidades de parceria! Reuni\u00e3o com a Fortes Tecnologia"},"content":{"rendered":"\n<p>Recebemos no Campus da UFC em Quixad\u00e1, nesta sexta-feira, 13, Denis Carvalho, diretor de produtos da Empresa Fortes Tecnologia. <br>Estiveram presentes na reuni\u00e3o, Davi Romero (representando a dire\u00e7\u00e3o do campus), Simone Nunes (Coordenadora do N\u00facleo de Inova\u00e7\u00e3o e Empreendedorismo \u2013 Inove) e o docente M\u00e1rcio Maia. <br>A reuni\u00e3o tratou sobre a futura instala\u00e7\u00e3o de um N\u00facleo de Desenvolvimento de Software da Fortes em Quixad\u00e1, o que possibilita parcerias com o nosso Campus, como vagas de est\u00e1gio para alunos.<\/p>\n","protected":false},"featured_media":161,"template":"","meta":[],"categories":[],"tags":[],"_links":{"self":[{"href":"https:\/\/inove.quixada.ufc.br\/index.php?rest_route=\/wp\/v2\/noticia\/160"}],"collection":[{"href":"https:\/\/inove.quixada.ufc.br\/index.php?rest_route=\/wp\/v2\/noticia"}],"about":[{"href":"https:\/\/inove.quixada.ufc.br\/index.php?rest_route=\/wp\/v2\/types\/noticia"}],"wp:featuredmedia":[{"embeddable":true,"href":"https:\/\/inove.quixada.ufc.br\/index.php?rest_route=\/wp\/v2\/media\/161"}],"wp:attachment":[{"href":"https:\/\/inove.quixada.ufc.br\/index.php?rest_route=%2Fwp%2Fv2%2Fmedia&parent=160"}],"wp:term":[{"taxonomy":"category","embeddable":true,"href":"https:\/\/inove.quixada.ufc.br\/index.php?rest_route=%2Fwp%2Fv2%2Fcategories&post=160"},{"taxonomy":"post_tag","embeddable":true,"href":"https:\/\/inove.quixada.ufc.br\/index.php?rest_route=%2Fwp%2Fv2%2Ftags&post=160"}],"curies":[{"name":"wp","href":"https:\/\/api.w.org\/{rel}","templated":true}]}}