{"id":138,"date":"2019-04-17T14:31:32","date_gmt":"2020-09-24T17:31:32","guid":{"rendered":"http:\/\/localhost\/wordpress\/?post_type=noticia&#038;p=138"},"modified":"2020-09-24T14:31:32","modified_gmt":"2020-09-24T17:31:32","slug":"workshop-o-poder-do-habito-aconteceu-no-campus-de-quixada","status":"publish","type":"noticia","link":"https:\/\/inove.quixada.ufc.br\/?noticia=workshop-o-poder-do-habito-aconteceu-no-campus-de-quixada","title":{"rendered":"Workshop \u201cO poder do h\u00e1bito\u201d aconteceu no campus de Quixad\u00e1"},"content":{"rendered":"\n<p>Na manh\u00e3 de hoje, 17, o N\u00facleo de Inova\u00e7\u00e3o e Empreendedorismo \u2013 INOVE, ofertou o workshop O poder do h\u00e1bito. O curso aconteceu na sala1 do bloco 4 e foi ministrado pelos discentes Camila Di\u00f3genes e Matheus Fernandes, al\u00e9m da administradora Roberta Dutra. <\/p>\n\n\n\n<p>A administradora lembra que os treinamentos ofertados periodicamente pelo INOVE s\u00e3o gratuitos e abertos ao p\u00fablico. O eventeo reuniu cerca de 35 participantes e fez parte da disciplina de Teoria Geral da Administra\u00e7\u00e3o, do primeiro semestre do curso de Sistemas de Informa\u00e7\u00e3o do campus.<\/p>\n","protected":false},"featured_media":139,"template":"","meta":[],"categories":[],"tags":[],"_links":{"self":[{"href":"https:\/\/inove.quixada.ufc.br\/index.php?rest_route=\/wp\/v2\/noticia\/138"}],"collection":[{"href":"https:\/\/inove.quixada.ufc.br\/index.php?rest_route=\/wp\/v2\/noticia"}],"about":[{"href":"https:\/\/inove.quixada.ufc.br\/index.php?rest_route=\/wp\/v2\/types\/noticia"}],"wp:featuredmedia":[{"embeddable":true,"href":"https:\/\/inove.quixada.ufc.br\/index.php?rest_route=\/wp\/v2\/media\/139"}],"wp:attachment":[{"href":"https:\/\/inove.quixada.ufc.br\/index.php?rest_route=%2Fwp%2Fv2%2Fmedia&parent=138"}],"wp:term":[{"taxonomy":"category","embeddable":true,"href":"https:\/\/inove.quixada.ufc.br\/index.php?rest_route=%2Fwp%2Fv2%2Fcategories&post=138"},{"taxonomy":"post_tag","embeddable":true,"href":"https:\/\/inove.quixada.ufc.br\/index.php?rest_route=%2Fwp%2Fv2%2Ftags&post=138"}],"curies":[{"name":"wp","href":"https:\/\/api.w.org\/{rel}","templated":true}]}}